{"id":4915,"date":"2016-03-10T08:37:07","date_gmt":"2016-03-10T14:37:07","guid":{"rendered":"https:\/\/cig.industriaguate.com\/?p=4915"},"modified":"2025-06-10T12:52:26","modified_gmt":"2025-06-10T18:52:26","slug":"industriales-piden-precios-favorables-de-la-energia","status":"publish","type":"post","link":"https:\/\/cig.industriaguate.com\/en\/industriales-piden-precios-favorables-de-la-energia\/","title":{"rendered":"Industriales piden precios favorables de la energ\u00eda"},"content":{"rendered":"<div class=\"td-post-text-content\">\n<p><strong>Fuente: \u00a0La Hora<\/strong><\/p>\n<p>El Consejo Directivo de la Federaci\u00f3n de C\u00e1maras y Asociaciones Industriales de Centroam\u00e9rica y Rep\u00fablica Dominicana -Fecaica- solicit\u00f3 a los presidentes y jefes de Estado que exista un beneficio en el precio del mercado el\u00e9ctrico regional, para elaborar los productos a un mejor costo.<\/p>\n<p>As\u00ed lo dio a conocer \u00d3scar Emilio Castillo, presidente de la C\u00e1mara de Industria de Guatemala,\u00a0 quien manifest\u00f3 que hace falta una voluntad pol\u00edtica para que las cosas sucedan. Destac\u00f3 que el reto es bajar los costos de la energ\u00eda.<\/p>\n<p>Asimismo, hizo un llamado al gobierno, debido a que se\u00f1al\u00f3 tener problemas en las aduanas, especialmente la que se encuentra en el puerto de Santo Tom\u00e1s de Castilla.<\/p>\n<p>Castillo mostr\u00f3 su descontento por el encarecimiento en los productos de importaci\u00f3n, exportaci\u00f3n y explic\u00f3 que debido a ello \u201ctodo el comercio est\u00e1 sufriendo\u201d.<\/p>\n<p>Manifest\u00f3 que quien sale mayormente perjudicado es el consumidor final y los costos suben por los paros que se realizan en las fronteras.<\/p>\n<p>En cuanto al nombramiento del nuevo Superintendente de Administraci\u00f3n Tributaria \u2013SAT- indic\u00f3 que espera que el tema de corrupci\u00f3n se pare y se agilicen los tratos hacia los comerciantes.<\/p>\n<\/div>\n<p>Link:\u00a0<a href=\"http:\/\/lahora.gt\/industriales-piden-precios-favorables-de-la-energia\/\">http:\/\/lahora.gt\/industriales-piden-precios-favorables-de-la-energia\/<\/a><\/p>\n<div class=\"clearfix\"><\/div>\n<div class=\"td-social-sharing\"><\/div>","protected":false},"excerpt":{"rendered":"<p>Fuente: \u00a0La Hora El Consejo Directivo de la Federaci\u00f3n de C\u00e1maras y Asociaciones Industriales de Centroam\u00e9rica y Rep\u00fablica Dominicana -Fecaica- solicit\u00f3 a los presidentes y jefes de Estado que exista un beneficio en el precio del mercado el\u00e9ctrico regional, para elaborar los productos a un mejor costo. As\u00ed lo dio a conocer \u00d3scar Emilio Castillo, [&hellip;]<\/p>\n","protected":false},"author":6,"featured_media":4916,"comment_status":"closed","ping_status":"closed","sticky":false,"template":"","format":"standard","meta":{"_acf_changed":false,"content-type":"","footnotes":""},"categories":[43],"tags":[],"class_list":["post-4915","post","type-post","status-publish","format-standard","has-post-thumbnail","hentry","category-cig-en-los-medios"],"acf":[],"_links":{"self":[{"href":"https:\/\/cig.industriaguate.com\/en\/wp-json\/wp\/v2\/posts\/4915","targetHints":{"allow":["GET"]}}],"collection":[{"href":"https:\/\/cig.industriaguate.com\/en\/wp-json\/wp\/v2\/posts"}],"about":[{"href":"https:\/\/cig.industriaguate.com\/en\/wp-json\/wp\/v2\/types\/post"}],"author":[{"embeddable":true,"href":"https:\/\/cig.industriaguate.com\/en\/wp-json\/wp\/v2\/users\/6"}],"replies":[{"embeddable":true,"href":"https:\/\/cig.industriaguate.com\/en\/wp-json\/wp\/v2\/comments?post=4915"}],"version-history":[{"count":1,"href":"https:\/\/cig.industriaguate.com\/en\/wp-json\/wp\/v2\/posts\/4915\/revisions"}],"predecessor-version":[{"id":51499,"href":"https:\/\/cig.industriaguate.com\/en\/wp-json\/wp\/v2\/posts\/4915\/revisions\/51499"}],"wp:featuredmedia":[{"embeddable":true,"href":"https:\/\/cig.industriaguate.com\/en\/wp-json\/wp\/v2\/media\/4916"}],"wp:attachment":[{"href":"https:\/\/cig.industriaguate.com\/en\/wp-json\/wp\/v2\/media?parent=4915"}],"wp:term":[{"taxonomy":"category","embeddable":true,"href":"https:\/\/cig.industriaguate.com\/en\/wp-json\/wp\/v2\/categories?post=4915"},{"taxonomy":"post_tag","embeddable":true,"href":"https:\/\/cig.industriaguate.com\/en\/wp-json\/wp\/v2\/tags?post=4915"}],"curies":[{"name":"wp","href":"https:\/\/api.w.org\/{rel}","templated":true}]}}